{"id":8794,"date":"2019-03-13T07:32:48","date_gmt":"2019-03-13T07:32:48","guid":{"rendered":"http:\/\/www.medienberatungev.org\/?p=8794"},"modified":"2022-07-04T10:04:30","modified_gmt":"2022-07-04T10:04:30","slug":"freie-vereinigung-in-der-gallery-lazarus","status":"publish","type":"post","link":"https:\/\/www.medienberatungev.org\/?p=8794","title":{"rendered":"Freie Vereinigung in der Gallery Lazarus Auswahl 13 Fotos (III)"},"content":{"rendered":"<p><a href=\"http:\/\/www.medienberatungev.org\/?attachment_id=8795\" rel=\"attachment wp-att-8795\"><img loading=\"lazy\" decoding=\"async\" class=\"aligncenter size-full wp-image-8795\" src=\"http:\/\/www.medienberatungev.org\/wp-content\/uploads\/2019\/03\/FreieVereinigung1.jpg\" alt=\"\" width=\"937\" height=\"696\" srcset=\"https:\/\/www.medienberatungev.org\/wp-content\/uploads\/2019\/03\/FreieVereinigung1.jpg 937w, https:\/\/www.medienberatungev.org\/wp-content\/uploads\/2019\/03\/FreieVereinigung1-300x223.jpg 300w, https:\/\/www.medienberatungev.org\/wp-content\/uploads\/2019\/03\/FreieVereinigung1-768x570.jpg 768w\" sizes=\"auto, (max-width: 709px) 85vw, (max-width: 909px) 67vw, (max-width: 1362px) 62vw, 840px\" \/><\/a><a href=\"http:\/\/www.medienberatungev.org\/?attachment_id=8796\" rel=\"attachment wp-att-8796\"><img loading=\"lazy\" decoding=\"async\" class=\"aligncenter size-full wp-image-8796\" src=\"http:\/\/www.medienberatungev.org\/wp-content\/uploads\/2019\/03\/FreieVereinigung2.jpg\" alt=\"\" width=\"937\" height=\"685\" srcset=\"https:\/\/www.medienberatungev.org\/wp-content\/uploads\/2019\/03\/FreieVereinigung2.jpg 937w, https:\/\/www.medienberatungev.org\/wp-content\/uploads\/2019\/03\/FreieVereinigung2-300x219.jpg 300w, https:\/\/www.medienberatungev.org\/wp-content\/uploads\/2019\/03\/FreieVereinigung2-768x561.jpg 768w\" sizes=\"auto, (max-width: 709px) 85vw, (max-width: 909px) 67vw, (max-width: 1362px) 62vw, 840px\" \/><\/a><a href=\"http:\/\/www.medienberatungev.org\/?attachment_id=8797\" rel=\"attachment wp-att-8797\"><img loading=\"lazy\" decoding=\"async\" class=\"aligncenter size-full wp-image-8797\" src=\"http:\/\/www.medienberatungev.org\/wp-content\/uploads\/2019\/03\/FreieVerinigung3.jpg\" alt=\"\" width=\"687\" height=\"944\" srcset=\"https:\/\/www.medienberatungev.org\/wp-content\/uploads\/2019\/03\/FreieVerinigung3.jpg 687w, https:\/\/www.medienberatungev.org\/wp-content\/uploads\/2019\/03\/FreieVerinigung3-218x300.jpg 218w\" sizes=\"auto, (max-width: 709px) 85vw, (max-width: 909px) 67vw, (max-width: 984px) 61vw, (max-width: 1362px) 45vw, 600px\" \/><\/a><a href=\"http:\/\/www.medienberatungev.org\/?attachment_id=8820\" rel=\"attachment wp-att-8820\"><img loading=\"lazy\" decoding=\"async\" class=\"wp-image-8820 alignright\" src=\"http:\/\/www.medienberatungev.org\/wp-content\/uploads\/2019\/03\/RHMPortr\u00e4t1920-730x1024.jpg\" alt=\"\" width=\"93\" height=\"131\" srcset=\"https:\/\/www.medienberatungev.org\/wp-content\/uploads\/2019\/03\/RHMPortr\u00e4t1920-730x1024.jpg 730w, https:\/\/www.medienberatungev.org\/wp-content\/uploads\/2019\/03\/RHMPortr\u00e4t1920-214x300.jpg 214w, https:\/\/www.medienberatungev.org\/wp-content\/uploads\/2019\/03\/RHMPortr\u00e4t1920-768x1077.jpg 768w, https:\/\/www.medienberatungev.org\/wp-content\/uploads\/2019\/03\/RHMPortr\u00e4t1920.jpg 811w\" sizes=\"auto, (max-width: 93px) 85vw, 93px\" \/><\/a><a href=\"http:\/\/www.medienberatungev.org\/?attachment_id=8798\" rel=\"attachment wp-att-8798\"><img loading=\"lazy\" decoding=\"async\" class=\"aligncenter size-full wp-image-8798\" src=\"http:\/\/www.medienberatungev.org\/wp-content\/uploads\/2019\/03\/FreieVereinigung4.jpg\" alt=\"\" width=\"683\" height=\"944\" srcset=\"https:\/\/www.medienberatungev.org\/wp-content\/uploads\/2019\/03\/FreieVereinigung4.jpg 683w, https:\/\/www.medienberatungev.org\/wp-content\/uploads\/2019\/03\/FreieVereinigung4-217x300.jpg 217w\" sizes=\"auto, (max-width: 709px) 85vw, (max-width: 909px) 67vw, (max-width: 984px) 61vw, (max-width: 1362px) 45vw, 600px\" \/><\/a><a href=\"http:\/\/www.medienberatungev.org\/?attachment_id=8799\" rel=\"attachment wp-att-8799\"><img loading=\"lazy\" decoding=\"async\" class=\"aligncenter size-full wp-image-8799\" src=\"http:\/\/www.medienberatungev.org\/wp-content\/uploads\/2019\/03\/FreieVereinigung5.jpg\" alt=\"\" width=\"691\" height=\"939\" srcset=\"https:\/\/www.medienberatungev.org\/wp-content\/uploads\/2019\/03\/FreieVereinigung5.jpg 691w, https:\/\/www.medienberatungev.org\/wp-content\/uploads\/2019\/03\/FreieVereinigung5-221x300.jpg 221w\" sizes=\"auto, (max-width: 709px) 85vw, (max-width: 909px) 67vw, (max-width: 984px) 61vw, (max-width: 1362px) 45vw, 600px\" \/><\/a><a href=\"http:\/\/www.medienberatungev.org\/?attachment_id=8800\" rel=\"attachment wp-att-8800\"><img loading=\"lazy\" decoding=\"async\" class=\"aligncenter size-full wp-image-8800\" src=\"http:\/\/www.medienberatungev.org\/wp-content\/uploads\/2019\/03\/FreieVereinigung6.jpg\" alt=\"\" width=\"693\" height=\"935\" srcset=\"https:\/\/www.medienberatungev.org\/wp-content\/uploads\/2019\/03\/FreieVereinigung6.jpg 693w, https:\/\/www.medienberatungev.org\/wp-content\/uploads\/2019\/03\/FreieVereinigung6-222x300.jpg 222w\" sizes=\"auto, (max-width: 709px) 85vw, (max-width: 909px) 67vw, (max-width: 984px) 61vw, (max-width: 1362px) 45vw, 600px\" \/><\/a><a href=\"http:\/\/www.medienberatungev.org\/?attachment_id=8801\" rel=\"attachment wp-att-8801\"><img loading=\"lazy\" decoding=\"async\" class=\"aligncenter size-full wp-image-8801\" src=\"http:\/\/www.medienberatungev.org\/wp-content\/uploads\/2019\/03\/FreieVereinigung7.jpg\" alt=\"\" width=\"934\" height=\"693\" srcset=\"https:\/\/www.medienberatungev.org\/wp-content\/uploads\/2019\/03\/FreieVereinigung7.jpg 934w, https:\/\/www.medienberatungev.org\/wp-content\/uploads\/2019\/03\/FreieVereinigung7-300x223.jpg 300w, https:\/\/www.medienberatungev.org\/wp-content\/uploads\/2019\/03\/FreieVereinigung7-768x570.jpg 768w\" sizes=\"auto, (max-width: 709px) 85vw, (max-width: 909px) 67vw, (max-width: 1362px) 62vw, 840px\" \/><\/a><a href=\"http:\/\/www.medienberatungev.org\/?attachment_id=8802\" rel=\"attachment wp-att-8802\"><img loading=\"lazy\" decoding=\"async\" class=\"aligncenter size-full wp-image-8802\" src=\"http:\/\/www.medienberatungev.org\/wp-content\/uploads\/2019\/03\/FreieVereinigung8.jpg\" alt=\"\" width=\"933\" height=\"680\" srcset=\"https:\/\/www.medienberatungev.org\/wp-content\/uploads\/2019\/03\/FreieVereinigung8.jpg 933w, https:\/\/www.medienberatungev.org\/wp-content\/uploads\/2019\/03\/FreieVereinigung8-300x219.jpg 300w, https:\/\/www.medienberatungev.org\/wp-content\/uploads\/2019\/03\/FreieVereinigung8-768x560.jpg 768w\" sizes=\"auto, (max-width: 709px) 85vw, (max-width: 909px) 67vw, (max-width: 1362px) 62vw, 840px\" \/><\/a><a href=\"http:\/\/www.medienberatungev.org\/?attachment_id=8803\" rel=\"attachment wp-att-8803\"><img loading=\"lazy\" decoding=\"async\" class=\"aligncenter size-full wp-image-8803\" src=\"http:\/\/www.medienberatungev.org\/wp-content\/uploads\/2019\/03\/FreieVereinigung9.jpg\" alt=\"\" width=\"688\" height=\"939\" srcset=\"https:\/\/www.medienberatungev.org\/wp-content\/uploads\/2019\/03\/FreieVereinigung9.jpg 688w, https:\/\/www.medienberatungev.org\/wp-content\/uploads\/2019\/03\/FreieVereinigung9-220x300.jpg 220w\" sizes=\"auto, (max-width: 709px) 85vw, (max-width: 909px) 67vw, (max-width: 984px) 61vw, (max-width: 1362px) 45vw, 600px\" \/><\/a><a href=\"http:\/\/www.medienberatungev.org\/?attachment_id=8804\" rel=\"attachment wp-att-8804\"><img loading=\"lazy\" decoding=\"async\" class=\"aligncenter size-full wp-image-8804\" src=\"http:\/\/www.medienberatungev.org\/wp-content\/uploads\/2019\/03\/FreieVereinigung10.jpg\" alt=\"\" width=\"692\" height=\"936\" srcset=\"https:\/\/www.medienberatungev.org\/wp-content\/uploads\/2019\/03\/FreieVereinigung10.jpg 692w, https:\/\/www.medienberatungev.org\/wp-content\/uploads\/2019\/03\/FreieVereinigung10-222x300.jpg 222w\" sizes=\"auto, (max-width: 709px) 85vw, (max-width: 909px) 67vw, (max-width: 984px) 61vw, (max-width: 1362px) 45vw, 600px\" \/><\/a><a href=\"http:\/\/www.medienberatungev.org\/?attachment_id=8805\" rel=\"attachment wp-att-8805\"><img loading=\"lazy\" decoding=\"async\" class=\"aligncenter size-full wp-image-8805\" src=\"http:\/\/www.medienberatungev.org\/wp-content\/uploads\/2019\/03\/FreieVereinigung11.jpg\" alt=\"\" width=\"681\" height=\"920\" srcset=\"https:\/\/www.medienberatungev.org\/wp-content\/uploads\/2019\/03\/FreieVereinigung11.jpg 681w, https:\/\/www.medienberatungev.org\/wp-content\/uploads\/2019\/03\/FreieVereinigung11-222x300.jpg 222w\" sizes=\"auto, (max-width: 709px) 85vw, (max-width: 909px) 67vw, (max-width: 984px) 61vw, (max-width: 1362px) 45vw, 600px\" \/><\/a><a href=\"http:\/\/www.medienberatungev.org\/?attachment_id=8806\" rel=\"attachment wp-att-8806\"><img loading=\"lazy\" decoding=\"async\" class=\"aligncenter size-full wp-image-8806\" src=\"http:\/\/www.medienberatungev.org\/wp-content\/uploads\/2019\/03\/FreieVereiniung12.jpg\" alt=\"\" width=\"939\" height=\"692\" srcset=\"https:\/\/www.medienberatungev.org\/wp-content\/uploads\/2019\/03\/FreieVereiniung12.jpg 939w, https:\/\/www.medienberatungev.org\/wp-content\/uploads\/2019\/03\/FreieVereiniung12-300x221.jpg 300w, https:\/\/www.medienberatungev.org\/wp-content\/uploads\/2019\/03\/FreieVereiniung12-768x566.jpg 768w\" sizes=\"auto, (max-width: 709px) 85vw, (max-width: 909px) 67vw, (max-width: 1362px) 62vw, 840px\" \/><\/a><a href=\"http:\/\/www.medienberatungev.org\/?attachment_id=8807\" rel=\"attachment wp-att-8807\"><img loading=\"lazy\" decoding=\"async\" class=\" wp-image-8807 alignleft\" src=\"http:\/\/www.medienberatungev.org\/wp-content\/uploads\/2019\/03\/FreieVerinigungLogo.jpg\" alt=\"\" width=\"142\" height=\"188\" \/><\/a><a href=\"http:\/\/www.medienberatungev.org\/?attachment_id=8808\" rel=\"attachment wp-att-8808\"><img loading=\"lazy\" decoding=\"async\" class=\" wp-image-8808 alignright\" src=\"http:\/\/www.medienberatungev.org\/wp-content\/uploads\/2019\/03\/GalleryLazarusLogo.jpg\" alt=\"\" width=\"202\" height=\"114\" \/><\/a><span style=\"font-family: Ubuntu;\"><span style=\"font-size: medium;\">Negative im Format 9 x 12 sind von diesen Fotos vorhanden. Wer eine Vergr\u00f6\u00dferung auf Barytpapier kaufen m\u00f6chte, wendet sich an:<\/span><\/span><a href=\"http:\/\/www.medienberatungev.org\/?attachment_id=2820\" rel=\"attachment wp-att-2820\"><img loading=\"lazy\" decoding=\"async\" class=\" wp-image-2820\" src=\"http:\/\/www.medienberatungev.org\/wp-content\/uploads\/2017\/08\/IMG_5259-1024x768.jpg\" alt=\"\" width=\"181\" height=\"136\" \/><\/a><a href=\"http:\/\/www.medienberatungev.org\/?attachment_id=7994\" rel=\"attachment wp-att-7994\"><img loading=\"lazy\" decoding=\"async\" class=\"wp-image-7994 alignright\" src=\"http:\/\/www.medienberatungev.org\/wp-content\/uploads\/2018\/10\/Tieresehendichan3klein.jpg\" alt=\"\" width=\"127\" height=\"97\" \/><\/a><\/p>\n<p><a href=\"http:\/\/www.medienberatungev.org\/?attachment_id=2036\" rel=\"attachment wp-att-2036\"><img loading=\"lazy\" decoding=\"async\" class=\"wp-image-2036 alignleft\" src=\"http:\/\/www.medienberatungev.org\/wp-content\/uploads\/2016\/10\/FreieVereinigungAmateur.jpg\" alt=\"\" width=\"241\" height=\"290\" \/><\/a><a href=\"http:\/\/www.medienberatungev.org\/?attachment_id=8820\" rel=\"attachment wp-att-8820\"><img loading=\"lazy\" decoding=\"async\" class=\"wp-image-8820 alignright\" src=\"http:\/\/www.medienberatungev.org\/wp-content\/uploads\/2019\/03\/RHMPortr\u00e4t1920-730x1024.jpg\" alt=\"\" width=\"185\" height=\"259\" srcset=\"https:\/\/www.medienberatungev.org\/wp-content\/uploads\/2019\/03\/RHMPortr\u00e4t1920-730x1024.jpg 730w, https:\/\/www.medienberatungev.org\/wp-content\/uploads\/2019\/03\/RHMPortr\u00e4t1920-214x300.jpg 214w, https:\/\/www.medienberatungev.org\/wp-content\/uploads\/2019\/03\/RHMPortr\u00e4t1920-768x1077.jpg 768w, https:\/\/www.medienberatungev.org\/wp-content\/uploads\/2019\/03\/RHMPortr\u00e4t1920.jpg 811w\" sizes=\"auto, (max-width: 185px) 85vw, 185px\" \/><\/a><\/p>\n<p align=\"justify\"><em><span style=\"color: #000000;\"><span style=\"font-family: Ubuntu;\"><span style=\"font-size: large;\">Werner Hensel (1968<\/span><\/span><\/span><\/em><em><span style=\"color: #000000;\"><span style=\"font-family: Ubuntu;\"><span style=\"font-size: large;\"> &#8211; <\/span><\/span><\/span><\/em><em><span style=\"color: #000000;\"><span style=\"font-family: Ubuntu;\"><span style=\"font-size: large;\">Erster Vorsitzender des Vereins). <\/span><\/span><\/span><\/em><em><span style=\"color: #000000;\"><span style=\"font-family: Ubuntu;\"><span style=\"font-size: large;\">&#8222;<\/span><\/span><\/span><\/em><em><span style=\"color: #000000;\"><span style=\"font-family: Ubuntu;\"><span style=\"font-size: large;\">Der Dank f\u00fcr die Geburt unserer Vereinigung steht einigen edlen Damen aus bestem Hause zu. Sie waren die Ursache, dass sich die 1895 gegr\u00fcndete Gesellschaft zur F\u00f6rderung der Amateur-Photographie, die r\u00e4umlich und finanziell auf Rosen gebettet war,<\/span><\/span><\/span><\/em> <em><span style=\"color: #000000;\"><span style=\"font-family: Ubuntu;\"><span style=\"font-size: large;\">spaltete.<\/span><\/span><\/span><\/em> <em><span style=\"color: #000000;\"><span style=\"font-family: Ubuntu;\"><span style=\"font-size: large;\">An der St\u00e4tte klassischen Hanseatentums, im Dachgeschoss des Patriotischen Geb\u00e4udes an der Trostbr\u00fccke, tagte die erw\u00e4hnte Gesellschaft von Liebhaberphotographen. Dieser Verein bestand aus namhaften Damen und Herren unserer Stadt Hamburg und des Auslandes. Sein Zweck: Man wollte die \u201csch\u00f6nen\u201d K\u00fcnste\u00a0 der noch sehr jungen Photographie f\u00f6rdern. Zahlreiche bekannte Pers\u00f6nlichkeiten waren F\u00f6rderer, Idealisten und G\u00f6nner. Unter ihnen auch zweihundert<\/span><\/span><\/span><\/em> <em><span style=\"color: #000000;\"><span style=\"font-family: Ubuntu;\"><span style=\"font-size: large;\">Damen.<\/span><\/span><\/span><\/em> <em><span style=\"color: #000000;\"><span style=\"font-family: Ubuntu;\"><span style=\"font-size: large;\">Der 1. Vorsitzende Ernst Juhl und das Ehrenmitglied Prof. Dr. Alfred Lichtwark, Direktor der Hamburger Kunsthalle, machten Hamburg damals zu einem Zentrum der internationalen Kunstphotographie. Sie organisierten zwischen 1893 und 1903 10 Photo-Ausstellungen mit internationaler Beteiligung in der Kunsthalle.<\/span><\/span><\/span><\/em> <em><span style=\"color: #000000;\"><span style=\"font-family: Ubuntu;\"><span style=\"font-size: large;\">Es wurde hervorragend fotografiert, erfolgreich verkauft, gefeiert usw. Es ging mitunter sehr lebhaft an der Trostbr\u00fccke zu. Meistens waren die Damen in der \u00dcberzahl und wurden mit Handk\u00fcsschen begr\u00fc\u00dft. \u201cMann\u201d erschien im Frack und die Dienerschaft wartete geduldig bis endlich der photographische Plauder-Arbeitsabend sein Ende gefunden hatte. Dieses alles stand unter dem Motto hoher k\u00fcnstlerischer Amateurphotographie.<\/span><\/span><\/span><\/em> <em><span style=\"color: #000000;\"><span style=\"font-family: Ubuntu;\"><span style=\"font-size: large;\">Die Beitr\u00e4ge waren hoch und manche Damen wohl auch etwas <\/span><\/span><\/span><\/em><em><span style=\"font-family: Ubuntu;\"><span style=\"font-size: large;\">hochn\u00e4sig. Kurz, eines Tages platzte dem Kaufmann Seifarth der Kragen. Er hielt eine Brandrede, missbilligte die Anwesenheit der Frauen ohne Kamera in einem M\u00e4nnerverein und bezeichnete sie als die Spalter der F\u00f6rderung. Die \u201cFeinen\u201d blieben, die \u201cK\u00f6nner\u201d verlie\u00dfen die F\u00f6rderung.<\/span><\/span><\/em><em><span style=\"font-family: Ubuntu;\"><span style=\"font-size: large;\">&#8220; (Werner Hensel)<a href=\"https:\/\/www.medienberatungev.org\/wp-content\/uploads\/2019\/03\/PDFWernerHenselFVVAZH.pdf\">PDFWernerHenselFVVAZH<\/a><\/span><\/span><\/em><\/p>\n\n\n<p>Photograph Werner Dietrich Hensel, geb. am 14. Dezember 1893 im Hamburg. Gest. am 06. Januar 1986 in Hamburg. Er wurde 93 Jahre alt. Seine letzte Wohnanschrift war in einem Pflegeheim von Pflegen und Wohnen in Hamburg Harburg. An der Rennkoppel 1. Eine Reihe von Fotos und Grafiken gibt es in verschiedenen Hamburger Museen. Werner Hensel war ein Freund von Rudolf Heinrich Meyer. Zusammen waren sie Mitglieder der Freien Vereinigung von Amateurphotographen zu Hamburg e. V. Ein Verein, den es 2020 immer noch gibt.<\/p>\n","protected":false},"excerpt":{"rendered":"<p>Negative im Format 9 x 12 sind von diesen Fotos vorhanden. Wer eine Vergr\u00f6\u00dferung auf Barytpapier kaufen m\u00f6chte, wendet sich an: Werner Hensel (1968 &#8211; Erster Vorsitzender des Vereins). &#8222;Der Dank f\u00fcr die Geburt unserer Vereinigung steht einigen edlen Damen aus bestem Hause zu. Sie waren die Ursache, dass sich die 1895 gegr\u00fcndete Gesellschaft zur &hellip; <a href=\"https:\/\/www.medienberatungev.org\/?p=8794\" class=\"more-link\"><span class=\"screen-reader-text\">\u201eFreie Vereinigung in der Gallery Lazarus Auswahl 13 Fotos (III)\u201c<\/span> weiterlesen<\/a><\/p>\n","protected":false},"author":2,"featured_media":0,"comment_status":"open","ping_status":"open","sticky":false,"template":"","format":"standard","meta":{"footnotes":""},"categories":[4865,2191,4602,4246,4601,1618,945,4670,4672,82,1317,2399,1],"tags":[4866,4671,3712,3711],"class_list":["post-8794","post","type-post","status-publish","format-standard","hentry","category-4865","category-auf-der-reeperbahn","category-fotograf-rudolf-heinrich-meyer","category-fotograf-walter-kellinghusen","category-fotograf-werner-hensel","category-fotografen","category-fotos","category-freie-vereinigung","category-gold-dollar","category-grossneumarkt","category-hamburg-bergedorf","category-juno","category-uncategorized","tag-freie-vereinigung-von-amateurphotographen-zu-hamburg-von-1898","tag-gallery-lazarus","tag-rudolf-heinrich-meyer","tag-werner-hensel"],"_links":{"self":[{"href":"https:\/\/www.medienberatungev.org\/index.php?rest_route=\/wp\/v2\/posts\/8794","targetHints":{"allow":["GET"]}}],"collection":[{"href":"https:\/\/www.medienberatungev.org\/index.php?rest_route=\/wp\/v2\/posts"}],"about":[{"href":"https:\/\/www.medienberatungev.org\/index.php?rest_route=\/wp\/v2\/types\/post"}],"author":[{"embeddable":true,"href":"https:\/\/www.medienberatungev.org\/index.php?rest_route=\/wp\/v2\/users\/2"}],"replies":[{"embeddable":true,"href":"https:\/\/www.medienberatungev.org\/index.php?rest_route=%2Fwp%2Fv2%2Fcomments&post=8794"}],"version-history":[{"count":19,"href":"https:\/\/www.medienberatungev.org\/index.php?rest_route=\/wp\/v2\/posts\/8794\/revisions"}],"predecessor-version":[{"id":18113,"href":"https:\/\/www.medienberatungev.org\/index.php?rest_route=\/wp\/v2\/posts\/8794\/revisions\/18113"}],"wp:attachment":[{"href":"https:\/\/www.medienberatungev.org\/index.php?rest_route=%2Fwp%2Fv2%2Fmedia&parent=8794"}],"wp:term":[{"taxonomy":"category","embeddable":true,"href":"https:\/\/www.medienberatungev.org\/index.php?rest_route=%2Fwp%2Fv2%2Fcategories&post=8794"},{"taxonomy":"post_tag","embeddable":true,"href":"https:\/\/www.medienberatungev.org\/index.php?rest_route=%2Fwp%2Fv2%2Ftags&post=8794"}],"curies":[{"name":"wp","href":"https:\/\/api.w.org\/{rel}","templated":true}]}}