{"id":8872,"date":"2019-03-26T19:30:31","date_gmt":"2019-03-26T19:30:31","guid":{"rendered":"http:\/\/www.medienberatungev.org\/?p=8872"},"modified":"2019-03-27T20:12:57","modified_gmt":"2019-03-27T20:12:57","slug":"wolfgang-fritz-haug","status":"publish","type":"post","link":"https:\/\/www.medienberatungev.org\/?p=8872","title":{"rendered":"Wolfgang Fritz Haug"},"content":{"rendered":"<p align=\"justify\"><span style=\"font-family: Ubuntu;\"><span style=\"font-size: large;\">Wolfgang Fritz Haug 1970:<\/span><\/span><\/p>\n<p align=\"justify\"><span style=\"font-family: Ubuntu;\"><span style=\"font-size: large;\"><strong>\u00bbSelbst in realen Gebrauchswerten, die sie (die Leute) bekommen, wohnt oft eine unheimliche Macht der Zerst\u00f6rung. Das Privatauto \u2013 bei Vernachl\u00e4ssigung der \u00f6ffentlichen Transportmittel \u2013 zerpfl\u00fcgt die St\u00e4dte nicht weniger wirksam als der Bombenkrieg und schafft Entfernungen erst, die ohne es nicht mehr zu \u00fcberbr\u00fccken sind.\u00ab<\/strong> (Wolfgang Fritz Haug, im Kursbuch Nr. 20\/1970, Seite 156 in dem Beitrag \u00bbZur Kritik der Waren\u00e4sthetik.\u00ab)<a href=\"http:\/\/www.medienberatungev.org\/?attachment_id=8642\" rel=\"attachment wp-att-8642\"><img loading=\"lazy\" decoding=\"async\" class=\"wp-image-8642 alignleft\" src=\"http:\/\/www.medienberatungev.org\/wp-content\/uploads\/2019\/03\/milpferd_einauge-1024x686.jpg\" alt=\"\" width=\"148\" height=\"99\" srcset=\"https:\/\/www.medienberatungev.org\/wp-content\/uploads\/2019\/03\/milpferd_einauge-1024x686.jpg 1024w, https:\/\/www.medienberatungev.org\/wp-content\/uploads\/2019\/03\/milpferd_einauge-300x201.jpg 300w, https:\/\/www.medienberatungev.org\/wp-content\/uploads\/2019\/03\/milpferd_einauge-768x515.jpg 768w, https:\/\/www.medienberatungev.org\/wp-content\/uploads\/2019\/03\/milpferd_einauge.jpg 1070w\" sizes=\"auto, (max-width: 148px) 85vw, 148px\" \/><\/a><\/span><\/span><\/p>\n","protected":false},"excerpt":{"rendered":"<p>Wolfgang Fritz Haug 1970: \u00bbSelbst in realen Gebrauchswerten, die sie (die Leute) bekommen, wohnt oft eine unheimliche Macht der Zerst\u00f6rung. Das Privatauto \u2013 bei Vernachl\u00e4ssigung der \u00f6ffentlichen Transportmittel \u2013 zerpfl\u00fcgt die St\u00e4dte nicht weniger wirksam als der Bombenkrieg und schafft Entfernungen erst, die ohne es nicht mehr zu \u00fcberbr\u00fccken sind.\u00ab (Wolfgang Fritz Haug, im Kursbuch &hellip; <a href=\"https:\/\/www.medienberatungev.org\/?p=8872\" class=\"more-link\"><span class=\"screen-reader-text\">\u201eWolfgang Fritz Haug\u201c<\/span> weiterlesen<\/a><\/p>\n","protected":false},"author":2,"featured_media":0,"comment_status":"open","ping_status":"open","sticky":false,"template":"","format":"standard","meta":{"footnotes":""},"categories":[4327,1],"tags":[4749,4747,4748,4746],"class_list":["post-8872","post","type-post","status-publish","format-standard","hentry","category-4327","category-uncategorized","tag-bombenkrieg","tag-macht-der-zerstoerung","tag-privatauto","tag-wolfgang-fritz-haug"],"_links":{"self":[{"href":"https:\/\/www.medienberatungev.org\/index.php?rest_route=\/wp\/v2\/posts\/8872","targetHints":{"allow":["GET"]}}],"collection":[{"href":"https:\/\/www.medienberatungev.org\/index.php?rest_route=\/wp\/v2\/posts"}],"about":[{"href":"https:\/\/www.medienberatungev.org\/index.php?rest_route=\/wp\/v2\/types\/post"}],"author":[{"embeddable":true,"href":"https:\/\/www.medienberatungev.org\/index.php?rest_route=\/wp\/v2\/users\/2"}],"replies":[{"embeddable":true,"href":"https:\/\/www.medienberatungev.org\/index.php?rest_route=%2Fwp%2Fv2%2Fcomments&post=8872"}],"version-history":[{"count":4,"href":"https:\/\/www.medienberatungev.org\/index.php?rest_route=\/wp\/v2\/posts\/8872\/revisions"}],"predecessor-version":[{"id":8882,"href":"https:\/\/www.medienberatungev.org\/index.php?rest_route=\/wp\/v2\/posts\/8872\/revisions\/8882"}],"wp:attachment":[{"href":"https:\/\/www.medienberatungev.org\/index.php?rest_route=%2Fwp%2Fv2%2Fmedia&parent=8872"}],"wp:term":[{"taxonomy":"category","embeddable":true,"href":"https:\/\/www.medienberatungev.org\/index.php?rest_route=%2Fwp%2Fv2%2Fcategories&post=8872"},{"taxonomy":"post_tag","embeddable":true,"href":"https:\/\/www.medienberatungev.org\/index.php?rest_route=%2Fwp%2Fv2%2Ftags&post=8872"}],"curies":[{"name":"wp","href":"https:\/\/api.w.org\/{rel}","templated":true}]}}