{"id":8925,"date":"2019-04-13T20:37:09","date_gmt":"2019-04-13T20:37:09","guid":{"rendered":"http:\/\/www.medienberatungev.org\/?p=8925"},"modified":"2019-06-04T12:22:25","modified_gmt":"2019-06-04T12:22:25","slug":"der-wahlkampf-hat-begonnen-die-kandidaten-stellen-sich-vor","status":"publish","type":"post","link":"https:\/\/www.medienberatungev.org\/?p=8925","title":{"rendered":"Der Wahlkampf hat begonnen Nachrichten vom Versch\u00f6nerungsverein"},"content":{"rendered":"<p><a href=\"http:\/\/www.medienberatungev.org\/?attachment_id=8926\" rel=\"attachment wp-att-8926\"><img loading=\"lazy\" decoding=\"async\" class=\"aligncenter wp-image-8926\" src=\"http:\/\/www.medienberatungev.org\/wp-content\/uploads\/2019\/04\/P1070494DirkSielmann.jpg\" alt=\"\" width=\"599\" height=\"799\" srcset=\"https:\/\/www.medienberatungev.org\/wp-content\/uploads\/2019\/04\/P1070494DirkSielmann.jpg 500w, https:\/\/www.medienberatungev.org\/wp-content\/uploads\/2019\/04\/P1070494DirkSielmann-225x300.jpg 225w\" sizes=\"auto, (max-width: 599px) 85vw, 599px\" \/><\/a><a href=\"http:\/\/www.medienberatungev.org\/?attachment_id=8927\" rel=\"attachment wp-att-8927\"><img loading=\"lazy\" decoding=\"async\" class=\"wp-image-8927 alignleft\" src=\"http:\/\/www.medienberatungev.org\/wp-content\/uploads\/2019\/04\/P1070495dirkSielmann.jpg\" alt=\"\" width=\"104\" height=\"138\" srcset=\"https:\/\/www.medienberatungev.org\/wp-content\/uploads\/2019\/04\/P1070495dirkSielmann.jpg 500w, https:\/\/www.medienberatungev.org\/wp-content\/uploads\/2019\/04\/P1070495dirkSielmann-225x300.jpg 225w\" sizes=\"auto, (max-width: 104px) 85vw, 104px\" \/><\/a>Heute der Kandiat der SPD. Gesehen am Gro\u00dfneumarkt. Der Versch\u00f6nerungsverein der Anwohner war t\u00e4tig. Fotos Jens Meyer.<a href=\"http:\/\/www.medienberatungev.org\/?attachment_id=9030\" rel=\"attachment wp-att-9030\"><img loading=\"lazy\" decoding=\"async\" class=\"wp-image-9030 alignright\" src=\"http:\/\/www.medienberatungev.org\/wp-content\/uploads\/2019\/05\/By-nc-sa_color.png\" alt=\"\" width=\"119\" height=\"80\" \/><\/a><a href=\"http:\/\/www.medienberatungev.org\/?attachment_id=7996\" rel=\"attachment wp-att-7996\"><img loading=\"lazy\" decoding=\"async\" class=\"wp-image-7996 alignnone\" src=\"http:\/\/www.medienberatungev.org\/wp-content\/uploads\/2018\/10\/Tieresehendichan1klein.jpg\" alt=\"\" width=\"155\" height=\"110\" \/><\/a><\/p>\n","protected":false},"excerpt":{"rendered":"<p>Heute der Kandiat der SPD. Gesehen am Gro\u00dfneumarkt. Der Versch\u00f6nerungsverein der Anwohner war t\u00e4tig. Fotos Jens Meyer.<\/p>\n","protected":false},"author":2,"featured_media":0,"comment_status":"open","ping_status":"open","sticky":false,"template":"","format":"standard","meta":{"footnotes":""},"categories":[1],"tags":[4753,3559,3563,4828],"class_list":["post-8925","post","type-post","status-publish","format-standard","hentry","category-uncategorized","tag-dirk-sielmann","tag-grossneumarkt","tag-spd","tag-verschoenerungsverein"],"_links":{"self":[{"href":"https:\/\/www.medienberatungev.org\/index.php?rest_route=\/wp\/v2\/posts\/8925","targetHints":{"allow":["GET"]}}],"collection":[{"href":"https:\/\/www.medienberatungev.org\/index.php?rest_route=\/wp\/v2\/posts"}],"about":[{"href":"https:\/\/www.medienberatungev.org\/index.php?rest_route=\/wp\/v2\/types\/post"}],"author":[{"embeddable":true,"href":"https:\/\/www.medienberatungev.org\/index.php?rest_route=\/wp\/v2\/users\/2"}],"replies":[{"embeddable":true,"href":"https:\/\/www.medienberatungev.org\/index.php?rest_route=%2Fwp%2Fv2%2Fcomments&post=8925"}],"version-history":[{"count":11,"href":"https:\/\/www.medienberatungev.org\/index.php?rest_route=\/wp\/v2\/posts\/8925\/revisions"}],"predecessor-version":[{"id":9183,"href":"https:\/\/www.medienberatungev.org\/index.php?rest_route=\/wp\/v2\/posts\/8925\/revisions\/9183"}],"wp:attachment":[{"href":"https:\/\/www.medienberatungev.org\/index.php?rest_route=%2Fwp%2Fv2%2Fmedia&parent=8925"}],"wp:term":[{"taxonomy":"category","embeddable":true,"href":"https:\/\/www.medienberatungev.org\/index.php?rest_route=%2Fwp%2Fv2%2Fcategories&post=8925"},{"taxonomy":"post_tag","embeddable":true,"href":"https:\/\/www.medienberatungev.org\/index.php?rest_route=%2Fwp%2Fv2%2Ftags&post=8925"}],"curies":[{"name":"wp","href":"https:\/\/api.w.org\/{rel}","templated":true}]}}