{"id":8996,"date":"2019-05-05T12:35:08","date_gmt":"2019-05-05T12:35:08","guid":{"rendered":"http:\/\/www.medienberatungev.org\/?p=8996"},"modified":"2020-06-29T17:20:58","modified_gmt":"2020-06-29T17:20:58","slug":"alte-postkarten-4","status":"publish","type":"post","link":"https:\/\/www.medienberatungev.org\/?p=8996","title":{"rendered":"Alte Postkarten Der K\u00f6nig der U Bahn und andere Karten V"},"content":{"rendered":"<p><a href=\"http:\/\/www.medienberatungev.org\/?attachment_id=8998\" rel=\"attachment wp-att-8998\"><img loading=\"lazy\" decoding=\"async\" class=\"aligncenter size-full wp-image-8998\" src=\"http:\/\/www.medienberatungev.org\/wp-content\/uploads\/2019\/05\/AltePostkarteBeisetzung20111918.jpg\" alt=\"\" width=\"968\" height=\"600\" srcset=\"https:\/\/www.medienberatungev.org\/wp-content\/uploads\/2019\/05\/AltePostkarteBeisetzung20111918.jpg 968w, https:\/\/www.medienberatungev.org\/wp-content\/uploads\/2019\/05\/AltePostkarteBeisetzung20111918-300x186.jpg 300w, https:\/\/www.medienberatungev.org\/wp-content\/uploads\/2019\/05\/AltePostkarteBeisetzung20111918-768x476.jpg 768w\" sizes=\"auto, (max-width: 709px) 85vw, (max-width: 909px) 67vw, (max-width: 1362px) 62vw, 840px\" \/><\/a><a href=\"http:\/\/www.medienberatungev.org\/?attachment_id=9026\" rel=\"attachment wp-att-9026\"><img loading=\"lazy\" decoding=\"async\" class=\"aligncenter size-large wp-image-9026\" src=\"http:\/\/www.medienberatungev.org\/wp-content\/uploads\/2019\/05\/Fischfrau-739x1024.jpg\" alt=\"\" width=\"640\" height=\"887\"><\/a><a href=\"http:\/\/www.medienberatungev.org\/?attachment_id=9028\" rel=\"attachment wp-att-9028\"><img loading=\"lazy\" decoding=\"async\" class=\"aligncenter wp-image-9028\" src=\"http:\/\/www.medienberatungev.org\/wp-content\/uploads\/2019\/05\/Milchh\u00e4ndlerganzklein.png\" alt=\"\" width=\"642\" height=\"867\" srcset=\"https:\/\/www.medienberatungev.org\/wp-content\/uploads\/2019\/05\/Milchh\u00e4ndlerganzklein.png 300w, https:\/\/www.medienberatungev.org\/wp-content\/uploads\/2019\/05\/Milchh\u00e4ndlerganzklein-222x300.png 222w\" sizes=\"auto, (max-width: 709px) 85vw, (max-width: 909px) 67vw, (max-width: 984px) 61vw, (max-width: 1362px) 45vw, 600px\" \/><\/a><a href=\"http:\/\/www.medienberatungev.org\/?attachment_id=8999\" rel=\"attachment wp-att-8999\"><img loading=\"lazy\" decoding=\"async\" class=\"aligncenter wp-image-8999\" src=\"http:\/\/www.medienberatungev.org\/wp-content\/uploads\/2019\/05\/AltePosstkarteausStujttgart.jpg\" alt=\"\" width=\"641\" height=\"919\" srcset=\"https:\/\/www.medienberatungev.org\/wp-content\/uploads\/2019\/05\/AltePosstkarteausStujttgart.jpg 596w, https:\/\/www.medienberatungev.org\/wp-content\/uploads\/2019\/05\/AltePosstkarteausStujttgart-209x300.jpg 209w\" sizes=\"auto, (max-width: 709px) 85vw, (max-width: 909px) 67vw, (max-width: 984px) 61vw, (max-width: 1362px) 45vw, 600px\" \/><\/a><a href=\"http:\/\/www.medienberatungev.org\/?attachment_id=9000\" rel=\"attachment wp-att-9000\"><img loading=\"lazy\" decoding=\"async\" class=\"aligncenter size-full wp-image-9000\" src=\"http:\/\/www.medienberatungev.org\/wp-content\/uploads\/2019\/05\/AltePostkartBerlinGr\u00f6benufer.jpg\" alt=\"\" width=\"850\" height=\"500\" srcset=\"https:\/\/www.medienberatungev.org\/wp-content\/uploads\/2019\/05\/AltePostkartBerlinGr\u00f6benufer.jpg 850w, https:\/\/www.medienberatungev.org\/wp-content\/uploads\/2019\/05\/AltePostkartBerlinGr\u00f6benufer-300x176.jpg 300w, https:\/\/www.medienberatungev.org\/wp-content\/uploads\/2019\/05\/AltePostkartBerlinGr\u00f6benufer-768x452.jpg 768w\" sizes=\"auto, (max-width: 709px) 85vw, (max-width: 909px) 67vw, (max-width: 1362px) 62vw, 840px\" \/><\/a><a href=\"http:\/\/www.medienberatungev.org\/?attachment_id=9001\" rel=\"attachment wp-att-9001\"><img loading=\"lazy\" decoding=\"async\" class=\"aligncenter wp-image-9001\" src=\"http:\/\/www.medienberatungev.org\/wp-content\/uploads\/2019\/05\/AltePostkarteStQuentinklein.jpg\" alt=\"\" width=\"618\" height=\"383\"><\/a><a href=\"http:\/\/www.medienberatungev.org\/?attachment_id=9002\" rel=\"attachment wp-att-9002\"><img loading=\"lazy\" decoding=\"async\" class=\"aligncenter size-full wp-image-9002\" src=\"http:\/\/www.medienberatungev.org\/wp-content\/uploads\/2019\/05\/AltePostkarteEindockenderBremeninHamburg.jpg\" alt=\"\" width=\"915\" height=\"635\" srcset=\"https:\/\/www.medienberatungev.org\/wp-content\/uploads\/2019\/05\/AltePostkarteEindockenderBremeninHamburg.jpg 915w, https:\/\/www.medienberatungev.org\/wp-content\/uploads\/2019\/05\/AltePostkarteEindockenderBremeninHamburg-300x208.jpg 300w, https:\/\/www.medienberatungev.org\/wp-content\/uploads\/2019\/05\/AltePostkarteEindockenderBremeninHamburg-768x533.jpg 768w\" sizes=\"auto, (max-width: 709px) 85vw, (max-width: 909px) 67vw, (max-width: 1362px) 62vw, 840px\" \/><\/a><a href=\"http:\/\/www.medienberatungev.org\/?attachment_id=9003\" rel=\"attachment wp-att-9003\"><img loading=\"lazy\" decoding=\"async\" class=\"aligncenter size-full wp-image-9003\" src=\"http:\/\/www.medienberatungev.org\/wp-content\/uploads\/2019\/05\/AltePostkarteVulcanWerftHamburg.jpg\" alt=\"\" width=\"861\" height=\"606\" srcset=\"https:\/\/www.medienberatungev.org\/wp-content\/uploads\/2019\/05\/AltePostkarteVulcanWerftHamburg.jpg 861w, https:\/\/www.medienberatungev.org\/wp-content\/uploads\/2019\/05\/AltePostkarteVulcanWerftHamburg-300x211.jpg 300w, https:\/\/www.medienberatungev.org\/wp-content\/uploads\/2019\/05\/AltePostkarteVulcanWerftHamburg-768x541.jpg 768w\" sizes=\"auto, (max-width: 709px) 85vw, (max-width: 909px) 67vw, (max-width: 1362px) 62vw, 840px\" \/><\/a><a href=\"http:\/\/www.medienberatungev.org\/?attachment_id=9035\" rel=\"attachment wp-att-9035\"><img loading=\"lazy\" decoding=\"async\" class=\"aligncenter size-full wp-image-9035\" src=\"http:\/\/www.medienberatungev.org\/wp-content\/uploads\/2019\/05\/Alte-Postkarte-OlympicTitanic.jpg\" alt=\"\" width=\"853\" height=\"606\" srcset=\"https:\/\/www.medienberatungev.org\/wp-content\/uploads\/2019\/05\/Alte-Postkarte-OlympicTitanic.jpg 853w, https:\/\/www.medienberatungev.org\/wp-content\/uploads\/2019\/05\/Alte-Postkarte-OlympicTitanic-300x213.jpg 300w, https:\/\/www.medienberatungev.org\/wp-content\/uploads\/2019\/05\/Alte-Postkarte-OlympicTitanic-768x546.jpg 768w\" sizes=\"auto, (max-width: 709px) 85vw, (max-width: 909px) 67vw, (max-width: 1362px) 62vw, 840px\" \/><\/a><span style=\"font-family: Ubuntu;\"><span style=\"font-size: large;\">R\u00fcckseite der Karte aus Belfast (Irland):<\/span><\/span> <strong><span style=\"font-family: Ubuntu;\"><span style=\"font-size: x-large;\">&#8222;Built by the Irish, sunk by the English&#8220; <\/span><\/span><\/strong> <span style=\"font-family: Ubuntu;\"><span style=\"font-size: x-large;\">Die Suchmaschine hat \u00fcbersetzt:<\/span><\/span> <strong><span style=\"font-family: Ubuntu;\"><span lang=\"de-DE\">&#8222;<\/span><\/span><\/strong><strong><span style=\"font-family: Ubuntu;\"><span style=\"font-size: x-large;\">Gebaut von Iren, versenkt von Engl\u00e4ndern<\/span><\/span><\/strong> <strong><span style=\"font-family: Ubuntu;\"><span style=\"font-size: x-large;\">&#8222;<\/span><\/span><\/strong><\/p>\n<p><span style=\"font-family: Ubuntu;\"><span style=\"font-size: large;\">Das erste Opfer der Titanic war ein 15 jaehriger Nieter aus Belfast namens Samuel Scott, der zwei Jahre vor Stapellauf des Schiffes von einer Leiter fiel.<\/span><\/span> <a href=\"http:\/\/www.medienberatungev.org\/?attachment_id=9032\" rel=\"attachment wp-att-9032\"><img loading=\"lazy\" decoding=\"async\" class=\"aligncenter wp-image-9032\" src=\"http:\/\/www.medienberatungev.org\/wp-content\/uploads\/2019\/05\/AltePostkartePalangaklein.jpg\" alt=\"\" width=\"633\" height=\"446\" srcset=\"https:\/\/www.medienberatungev.org\/wp-content\/uploads\/2019\/05\/AltePostkartePalangaklein.jpg 500w, https:\/\/www.medienberatungev.org\/wp-content\/uploads\/2019\/05\/AltePostkartePalangaklein-300x211.jpg 300w\" sizes=\"auto, (max-width: 709px) 85vw, (max-width: 909px) 67vw, (max-width: 984px) 61vw, (max-width: 1362px) 45vw, 600px\" \/><\/a><a href=\"http:\/\/www.medienberatungev.org\/?attachment_id=9005\" rel=\"attachment wp-att-9005\"><img loading=\"lazy\" decoding=\"async\" class=\"aligncenter wp-image-9005\" src=\"http:\/\/www.medienberatungev.org\/wp-content\/uploads\/2019\/05\/wahlplakatRundeklein.jpg\" alt=\"\" width=\"631\" height=\"454\" srcset=\"https:\/\/www.medienberatungev.org\/wp-content\/uploads\/2019\/05\/wahlplakatRundeklein.jpg 500w, https:\/\/www.medienberatungev.org\/wp-content\/uploads\/2019\/05\/wahlplakatRundeklein-300x216.jpg 300w\" sizes=\"auto, (max-width: 709px) 85vw, (max-width: 909px) 67vw, (max-width: 984px) 61vw, (max-width: 1362px) 45vw, 600px\" \/><\/a><a href=\"http:\/\/www.medienberatungev.org\/?attachment_id=9042\" rel=\"attachment wp-att-9042\"><img loading=\"lazy\" decoding=\"async\" class=\"aligncenter wp-image-9042\" src=\"http:\/\/www.medienberatungev.org\/wp-content\/uploads\/2019\/05\/IMG_6096DerK\u00f6nigderUBahnklein.jpg\" alt=\"\" width=\"605\" height=\"807\" srcset=\"https:\/\/www.medienberatungev.org\/wp-content\/uploads\/2019\/05\/IMG_6096DerK\u00f6nigderUBahnklein.jpg 500w, https:\/\/www.medienberatungev.org\/wp-content\/uploads\/2019\/05\/IMG_6096DerK\u00f6nigderUBahnklein-225x300.jpg 225w\" sizes=\"auto, (max-width: 709px) 85vw, (max-width: 909px) 67vw, (max-width: 984px) 61vw, (max-width: 1362px) 45vw, 600px\" \/><\/a><a href=\"http:\/\/www.medienberatungev.org\/?attachment_id=9006\" rel=\"attachment wp-att-9006\"><img loading=\"lazy\" decoding=\"async\" class=\"aligncenter wp-image-9006\" src=\"http:\/\/www.medienberatungev.org\/wp-content\/uploads\/2019\/05\/DDRvonobenklein.jpg\" alt=\"\" width=\"602\" height=\"419\" srcset=\"https:\/\/www.medienberatungev.org\/wp-content\/uploads\/2019\/05\/DDRvonobenklein.jpg 500w, https:\/\/www.medienberatungev.org\/wp-content\/uploads\/2019\/05\/DDRvonobenklein-300x209.jpg 300w\" sizes=\"auto, (max-width: 709px) 85vw, (max-width: 909px) 67vw, (max-width: 984px) 61vw, (max-width: 1362px) 45vw, 600px\" \/><\/a><a href=\"http:\/\/www.medienberatungev.org\/?attachment_id=8997\" rel=\"attachment wp-att-8997\"><img loading=\"lazy\" decoding=\"async\" class=\"aligncenter size-full wp-image-8997\" src=\"http:\/\/www.medienberatungev.org\/wp-content\/uploads\/2019\/05\/AltePostkarteausNYklein.jpg\" alt=\"\" width=\"585\" height=\"837\" srcset=\"https:\/\/www.medienberatungev.org\/wp-content\/uploads\/2019\/05\/AltePostkarteausNYklein.jpg 585w, https:\/\/www.medienberatungev.org\/wp-content\/uploads\/2019\/05\/AltePostkarteausNYklein-210x300.jpg 210w\" sizes=\"auto, (max-width: 585px) 85vw, 585px\" \/><\/a><a href=\"http:\/\/www.medienberatungev.org\/?attachment_id=7995\" rel=\"attachment wp-att-7995\"><img loading=\"lazy\" decoding=\"async\" class=\"wp-image-7995 alignleft\" src=\"http:\/\/www.medienberatungev.org\/wp-content\/uploads\/2018\/10\/Tieresehendichan2klein.jpg\" alt=\"\" width=\"184\" height=\"142\"><\/a>Fotografen (so weit bekannt): Foto 1 Beisetzung der Opfer der Revolution Gebr\u00fcder Heckel, Foto 2 Fischfrau Rudolf Heinrich Meyer, Foto 3 Milchh\u00e4ndler Rudolf Heinrich Meyer,<a href=\"http:\/\/www.medienberatungev.org\/?attachment_id=9030\" rel=\"attachment wp-att-9030\"><img loading=\"lazy\" decoding=\"async\" class=\"wp-image-9030 alignright\" src=\"http:\/\/www.medienberatungev.org\/wp-content\/uploads\/2019\/05\/By-nc-sa_color.png\" alt=\"\" width=\"71\" height=\"48\"><\/a> Foto 12 Der K\u00f6nig der U Bahn&nbsp; Jens Meyer<\/p>\n","protected":false},"excerpt":{"rendered":"<p>R\u00fcckseite der Karte aus Belfast (Irland): &#8222;Built by the Irish, sunk by the English&#8220; Die Suchmaschine hat \u00fcbersetzt: &#8222;Gebaut von Iren, versenkt von Engl\u00e4ndern &#8222; Das erste Opfer der Titanic war ein 15 jaehriger Nieter aus Belfast namens Samuel Scott, der zwei Jahre vor Stapellauf des Schiffes von einer Leiter fiel. Fotografen (so weit bekannt): &hellip; <a href=\"https:\/\/www.medienberatungev.org\/?p=8996\" class=\"more-link\"><span class=\"screen-reader-text\">\u201eAlte Postkarten Der K\u00f6nig der U Bahn und andere Karten V\u201c<\/span> weiterlesen<\/a><\/p>\n","protected":false},"author":2,"featured_media":0,"comment_status":"open","ping_status":"open","sticky":false,"template":"","format":"standard","meta":{"footnotes":""},"categories":[2092,4619,1394,4792,199,4791,4793,1,4790],"tags":[4779,3681,4787,4782,4789,4794,4781,668,4780,4786,4788,3563,3858,1457],"class_list":["post-8996","post","type-post","status-publish","format-standard","hentry","category-2092","category-4619","category-beerdigung","category-belfast-1911","category-berlin","category-harland-wolff-shipyard","category-olympic","category-uncategorized","category-vulcan-werft","tag-alte-postkarten","tag-beerdigung","tag-built-by-the-irish-sunk-by-the-english","tag-ddr-von-oben","tag-gebaut-von-iren-versenkt-von-englaendern","tag-matrosen","tag-ny","tag-ortwin-runde","tag-putzplan","tag-rackwitz-ddr-von-oben","tag-samuel-scott","tag-spd","tag-titanic","tag-wahlplakat"],"_links":{"self":[{"href":"https:\/\/www.medienberatungev.org\/index.php?rest_route=\/wp\/v2\/posts\/8996","targetHints":{"allow":["GET"]}}],"collection":[{"href":"https:\/\/www.medienberatungev.org\/index.php?rest_route=\/wp\/v2\/posts"}],"about":[{"href":"https:\/\/www.medienberatungev.org\/index.php?rest_route=\/wp\/v2\/types\/post"}],"author":[{"embeddable":true,"href":"https:\/\/www.medienberatungev.org\/index.php?rest_route=\/wp\/v2\/users\/2"}],"replies":[{"embeddable":true,"href":"https:\/\/www.medienberatungev.org\/index.php?rest_route=%2Fwp%2Fv2%2Fcomments&post=8996"}],"version-history":[{"count":21,"href":"https:\/\/www.medienberatungev.org\/index.php?rest_route=\/wp\/v2\/posts\/8996\/revisions"}],"predecessor-version":[{"id":12025,"href":"https:\/\/www.medienberatungev.org\/index.php?rest_route=\/wp\/v2\/posts\/8996\/revisions\/12025"}],"wp:attachment":[{"href":"https:\/\/www.medienberatungev.org\/index.php?rest_route=%2Fwp%2Fv2%2Fmedia&parent=8996"}],"wp:term":[{"taxonomy":"category","embeddable":true,"href":"https:\/\/www.medienberatungev.org\/index.php?rest_route=%2Fwp%2Fv2%2Fcategories&post=8996"},{"taxonomy":"post_tag","embeddable":true,"href":"https:\/\/www.medienberatungev.org\/index.php?rest_route=%2Fwp%2Fv2%2Ftags&post=8996"}],"curies":[{"name":"wp","href":"https:\/\/api.w.org\/{rel}","templated":true}]}}