{"id":9246,"date":"2019-06-30T06:56:01","date_gmt":"2019-06-30T06:56:01","guid":{"rendered":"http:\/\/www.medienberatungev.org\/?p=9246"},"modified":"2019-08-15T16:50:42","modified_gmt":"2019-08-15T16:50:42","slug":"noch-ein-text-der","status":"publish","type":"post","link":"https:\/\/www.medienberatungev.org\/?p=9246","title":{"rendered":"Noch ein Text, der"},"content":{"rendered":"<p>es wert ist zitiert zu werden:<\/p>\n<p align=\"justify\"><span style=\"font-family: Ubuntu;\"><span style=\"font-size: large;\"><b>Und noch ein Text, der es wert ist, das man ihn zitiert<\/b>. <\/span><\/span><\/p>\n<p align=\"justify\"><span style=\"font-family: Ubuntu;\"><span style=\"font-size: large;\">Aus: . . . &#8222;Wo waren sie im Kriege Herr &#8211; ? . . . \u201cIch habe mich dreieinhalb Jahre im Kriege gedr\u00fcckt, wo ich nur konnte \u2013 und ich bedaure, dass ich nicht, wie der gro\u00dfe Karl Liebknecht, den Mut aufgebracht habe, Nein zu sagen und den Heeresdienst zu verweigern. Dessen sch\u00e4me ich mich. <\/span><\/span><!--more--><\/p>\n<p align=\"justify\"><span style=\"font-family: Ubuntu;\"><span style=\"font-size: large;\">So tat ich, was ziemlich allgemein getan wurde: ich wandte viele Mittel an, um nicht erschossen zu werden, und um nicht zu schie\u00dfen \u2013 nicht einmal die schlimmsten Mittel. Aber ich h\u00e4tte alle, ohne jede Ausnahme alle, angewandt, wenn man mich gezwungen h\u00e4tte; keine Bestechung, keine andre strafbare Handlung h\u00e4tte ich verschm\u00e4ht. Viele taten ebenso. Und das nicht, weil wir etwa, im Gegensatz zu den Feldpredigern, Feldpastoren, Feldrabbinern, die Lehren der Bibel besser verstehen als sie, die sie f\u00e4lschten \u2013 nicht, weil wir den Kollektivmord in jeder Form verwerfen, sondern weil Zweck und Ziel dieses Krieges uns nichts angehen. <\/span><\/span><\/p>\n<p align=\"justify\"><span style=\"font-family: Ubuntu;\"><span style=\"font-size: large;\">Wir haben diesen Staat nicht gewollt, der seine Arbeiter verkommen l\u00e4\u00dft, wenn sie alt sind, und der sie peinigt, solange sie arbeiten k\u00f6nnen; wir haben diesen Krieg nicht gewollt, der eine l\u00e4cherliche Mischung von Wirtschaftsinteressen und Beamtenstank war, im wahren Sinne des Wortes deckte die Flagge die Warenladung. Wir hatten auch nicht den k\u00fcmmerlichsten Einflu\u00df auf die Gestaltung der Politik, und Sieg und Niederlage ber\u00fchren uns nicht. <\/span><\/span><\/p>\n<p align=\"justify\"><span style=\"font-family: Ubuntu;\"><span style=\"font-size: large;\">Was h\u00e4tten wir davon gehabt, wenn Nancy, Antwerpen und Warschau deutsch geworden w\u00e4ren? Wir h\u00e4tten uns das Brot genauso verdienen m\u00fcssen wie vorher \u2013 genauso so schwer, denn Beamte im neueroberten Gebiet haben wir nicht werden wollen. So, wie einem Calvinisten wohl verst\u00e4ndlich gewesen ist, dass man gegen ihn war, aber nicht, dass man sich um den Streit der Sekten \u00fcberhaupt nicht k\u00fcmmerte, so k\u00fcmmert uns der Nationalismus, dieser Nachfolger der Religion, nur insofern, als es gilt, ihn zu bek\u00e4mpfen. Er l\u00e4\u00dft uns kalt . . .<br \/>\n<\/span><\/span><\/p>\n<p align=\"justify\"><span style=\"font-family: Ubuntu;\"><span style=\"font-size: large;\">(Aus Gesamtausgabe Kurt Tucholsky, D\u00fcnndruck, Band 2, Seite 391-392, von 1926)<\/span><\/span><\/p>\n","protected":false},"excerpt":{"rendered":"<p>es wert ist zitiert zu werden: Und noch ein Text, der es wert ist, das man ihn zitiert. Aus: . . . &#8222;Wo waren sie im Kriege Herr &#8211; ? . . . \u201cIch habe mich dreieinhalb Jahre im Kriege gedr\u00fcckt, wo ich nur konnte \u2013 und ich bedaure, dass ich nicht, wie der gro\u00dfe &hellip; <a href=\"https:\/\/www.medienberatungev.org\/?p=9246\" class=\"more-link\"><span class=\"screen-reader-text\">\u201eNoch ein Text, der\u201c<\/span> weiterlesen<\/a><\/p>\n","protected":false},"author":2,"featured_media":0,"comment_status":"open","ping_status":"open","sticky":false,"template":"","format":"standard","meta":{"footnotes":""},"categories":[2577,4856],"tags":[],"class_list":["post-9246","post","type-post","status-publish","format-standard","hentry","category-kurt-tucholsky","category-tucholsky"],"_links":{"self":[{"href":"https:\/\/www.medienberatungev.org\/index.php?rest_route=\/wp\/v2\/posts\/9246","targetHints":{"allow":["GET"]}}],"collection":[{"href":"https:\/\/www.medienberatungev.org\/index.php?rest_route=\/wp\/v2\/posts"}],"about":[{"href":"https:\/\/www.medienberatungev.org\/index.php?rest_route=\/wp\/v2\/types\/post"}],"author":[{"embeddable":true,"href":"https:\/\/www.medienberatungev.org\/index.php?rest_route=\/wp\/v2\/users\/2"}],"replies":[{"embeddable":true,"href":"https:\/\/www.medienberatungev.org\/index.php?rest_route=%2Fwp%2Fv2%2Fcomments&post=9246"}],"version-history":[{"count":4,"href":"https:\/\/www.medienberatungev.org\/index.php?rest_route=\/wp\/v2\/posts\/9246\/revisions"}],"predecessor-version":[{"id":9409,"href":"https:\/\/www.medienberatungev.org\/index.php?rest_route=\/wp\/v2\/posts\/9246\/revisions\/9409"}],"wp:attachment":[{"href":"https:\/\/www.medienberatungev.org\/index.php?rest_route=%2Fwp%2Fv2%2Fmedia&parent=9246"}],"wp:term":[{"taxonomy":"category","embeddable":true,"href":"https:\/\/www.medienberatungev.org\/index.php?rest_route=%2Fwp%2Fv2%2Fcategories&post=9246"},{"taxonomy":"post_tag","embeddable":true,"href":"https:\/\/www.medienberatungev.org\/index.php?rest_route=%2Fwp%2Fv2%2Ftags&post=9246"}],"curies":[{"name":"wp","href":"https:\/\/api.w.org\/{rel}","templated":true}]}}