{"id":9258,"date":"2019-07-02T16:58:45","date_gmt":"2019-07-02T16:58:45","guid":{"rendered":"http:\/\/www.medienberatungev.org\/?p=9258"},"modified":"2019-08-20T21:43:04","modified_gmt":"2019-08-20T21:43:04","slug":"ein-fall-fuer-die-medienberatung","status":"publish","type":"post","link":"https:\/\/www.medienberatungev.org\/?p=9258","title":{"rendered":"Ein Fall f\u00fcr die Medienberatung (de Wind, de geiht von achtern und von vorn)"},"content":{"rendered":"<p align=\"justify\"><span style=\"font-family: Ubuntu;\"><span style=\"font-size: large;\"><strong>Die R\u00e4tselecke &#8211; Ein Lob den Schwul-Lesbischen Filmtagen<\/strong><\/span><\/span><\/p>\n<p align=\"justify\">Denn g\u00e4be es sie nicht, w\u00fcrde uns einer der wichtigsten Anschlussfehler der Filmgeschichte nicht bekannt sein. Und damit auch die anderen Menschen, die, so wie ich, das Hobby haben, v\u00f6llig nutzloses Wissen anzuh\u00e4ufen, davon profitieren k\u00f6nnen, soll die Sache nicht l\u00e4nger verborgen bleiben:<!--more--><\/p>\n<p align=\"justify\">Eine gute Freundin, die um meine Filmleidenschaften wei\u00df, hat mir vor ein paar Tagen folgendes R\u00e4tsel aufgegeben:<\/p>\n<p align=\"justify\"><strong>In der Schlu\u00dfszene welches fr\u00fchen Tonfilms verl\u00e4\u00dft ein Segelschiff den Hafen, w\u00e4hrend das Haar der sinnend an der Reling stehenden Hauptdarstellerin vom Wind landeinw\u00e4rts geweht wird?<\/strong><\/p>\n<p align=\"justify\">Eine Antwort war mir nicht m\u00f6glich. Auch der Tatsache geschuldet, dass die Antwort in meinem Kopf schon vorhanden sein solle. (Nicht nachsehen!) so lautete die Aufforderung der Fragestellerin!<\/p>\n<p align=\"justify\">Ich zermarterte mir den Kopf und bat dann, dem\u00fctig, die Freundin um weitere Hinweise, die sie mir dann auch gab: Der Film ist amerikanisch, aber die Hauptdarstellerin nicht. Die wiederum spielt ebenfalls die Hauptrolle in einem von Dir sehr gesch\u00e4tzten Film eines Deiner Lieblingsregisseure. Der Film ist ein auf historischen Ereignissen beruhendes Kost\u00fcmdrama. Die Kritiken waren so lala, aber die Hauptdarstellerin war zu dieser Zeit so popul\u00e4r, dass die Leute auch ins Kino gegangen w\u00e4ren, wenn sie vor laufender Kamera das Telefonbuch rezitiert h\u00e4tte.<\/p>\n<p align=\"justify\">Um welchen Film mit welchem Anschlussfehler handelt es sich?<\/p>\n<p><span style=\"font-family: Ubuntu;\"><span style=\"font-size: large;\"><b>Na, dann wollen wir doch mal ein bisschen nachhelfen.<\/b><\/span><\/span><\/p>\n<p align=\"justify\"><strong><span style=\"font-family: Ubuntu;\"><span style=\"font-size: medium;\">Also. Der Film ist amerikanisch, aber die Hauptdarstellerin nicht. Die wiederum spielt ebenfalls die Hauptrolle in einem von dir sehr geschaetzten Film eines deiner Lieblingsregisseure. Der Film ist ein auf historischen Ereignissen beruhendes Kostuemdrama. Die Kritiken waren so lala, aber die Hauptdarstellerin war zu dieser Zeit so populaer, dass die Leute auch ins Kino gegangen waeren, wenn sie vor laufender Kamera das Telefonbuch rezitiert haette. So, und wenn das noch nicht langt, sag ich dir noch das Erscheinungsjahr und den Namen des (voellig nebensaechlichen und wenig beeindruckenden) maennlichen Hauptdarstellers. Bis bald :-). In Buechern darfst du uebrigens nachgucken, nur im Internet nicht!<a href=\"http:\/\/www.medienberatungev.org\/?attachment_id=7995\" rel=\"attachment wp-att-7995\"><img loading=\"lazy\" decoding=\"async\" class=\"wp-image-7995 alignleft\" src=\"http:\/\/www.medienberatungev.org\/wp-content\/uploads\/2018\/10\/Tieresehendichan2klein.jpg\" alt=\"\" width=\"158\" height=\"121\" \/><\/a><\/span><\/span><\/strong><\/p>\n<p><span style=\"font-family: Ubuntu;\"><span style=\"font-size: large;\"><b>Hallo S<\/b>., die Erlaubnis im Bucher nachsehen zu duerfen (Immer<\/span><\/span> <span style=\"font-family: Ubuntu;\"><span style=\"font-size: large;\">Umlaute beachten!) hat mir geholfen. Handelt es sich etwa um den Film<\/span><\/span> <span style=\"font-family: Ubuntu;\"><span style=\"font-size: large;\">&#8222;Queen Christina&#8220; mit Greta Garbo? Dessen Regisseur da im Bucher mit folgenden Worten gelobt wird: <\/span><\/span> <span style=\"font-family: Ubuntu;\"><span style=\"font-size: large;\">&#8222;. . . sein Verdienst war es, mit der letzten Gro\u00dfaufnahme, in der sie unbewegten Gesichtes am Bug des Schiffes ihres<\/span><\/span> <span style=\"font-family: Ubuntu;\"><span style=\"font-size: large;\">toten Liebhabers steht, dem Garbo-Image eine bleibenden Grundlage<\/span><\/span> <span style=\"font-family: Ubuntu;\"><span style=\"font-size: large;\">gegeben zu haben.&#8220;\u00a0 Zitat Ende. (Seite 624)<br \/>\n<\/span><\/span><\/p>\n<p><span style=\"font-family: Ubuntu;\"><span style=\"font-size: large;\">Es hilft nur das Kino und manchmal ARTE. Denn auf den Fotos, die man im Internet findet, ist zwar zu sehen, dass Greta Garbo am Bug eines Schiffes steht und der k\u00fcnstliche Wind im Studio ihre Haare nach hinten weht, aber nicht, dass<br \/>\nsie vor einem Segel steht, wo der Wind offensichtlich aus der Gegenrichtung kommt. Doch die Kinozuschauer hat das damals vermutlich nicht gestoert, weil sie mit den Taschentuechern bei ihren Augen waren. <\/span><\/span><span style=\"font-family: Ubuntu;\"><span style=\"font-size: large;\">Das ganze ist ja Kreuzwortraetsel geeignet. Ich habe diesen Film aber nie gesehen. Die Formulierung mit dem Telefonbuch hat mir gut gefallen, J.<a href=\"http:\/\/www.medienberatungev.org\/?attachment_id=8642\" rel=\"attachment wp-att-8642\"><img loading=\"lazy\" decoding=\"async\" class=\"wp-image-8642 alignright\" src=\"http:\/\/www.medienberatungev.org\/wp-content\/uploads\/2019\/03\/milpferd_einauge-1024x686.jpg\" alt=\"\" width=\"174\" height=\"117\" srcset=\"https:\/\/www.medienberatungev.org\/wp-content\/uploads\/2019\/03\/milpferd_einauge-1024x686.jpg 1024w, https:\/\/www.medienberatungev.org\/wp-content\/uploads\/2019\/03\/milpferd_einauge-300x201.jpg 300w, https:\/\/www.medienberatungev.org\/wp-content\/uploads\/2019\/03\/milpferd_einauge-768x515.jpg 768w, https:\/\/www.medienberatungev.org\/wp-content\/uploads\/2019\/03\/milpferd_einauge.jpg 1070w\" sizes=\"auto, (max-width: 174px) 85vw, 174px\" \/><\/a><\/span><\/span><\/p>\n<p><a href=\"http:\/\/www.medienberatungev.org\/?attachment_id=9450\" rel=\"attachment wp-att-9450\"><img loading=\"lazy\" decoding=\"async\" class=\"wp-image-9450 alignleft\" src=\"http:\/\/www.medienberatungev.org\/wp-content\/uploads\/2019\/07\/K\u00f6nigin-Christina.jpg\" alt=\"\" width=\"192\" height=\"216\" srcset=\"https:\/\/www.medienberatungev.org\/wp-content\/uploads\/2019\/07\/K\u00f6nigin-Christina.jpg 426w, https:\/\/www.medienberatungev.org\/wp-content\/uploads\/2019\/07\/K\u00f6nigin-Christina-266x300.jpg 266w\" sizes=\"auto, (max-width: 192px) 85vw, 192px\" \/><\/a>Rouben Mamoulian war 34 Jahre alt, als er den Wind aus beiden Richtungen blasen liess.<\/p>\n","protected":false},"excerpt":{"rendered":"<p>Die R\u00e4tselecke &#8211; Ein Lob den Schwul-Lesbischen Filmtagen Denn g\u00e4be es sie nicht, w\u00fcrde uns einer der wichtigsten Anschlussfehler der Filmgeschichte nicht bekannt sein. Und damit auch die anderen Menschen, die, so wie ich, das Hobby haben, v\u00f6llig nutzloses Wissen anzuh\u00e4ufen, davon profitieren k\u00f6nnen, soll die Sache nicht l\u00e4nger verborgen bleiben:<\/p>\n","protected":false},"author":2,"featured_media":0,"comment_status":"open","ping_status":"open","sticky":false,"template":"","format":"standard","meta":{"footnotes":""},"categories":[1],"tags":[145,4940,2452,4942,4941,4943],"class_list":["post-9258","post","type-post","status-publish","format-standard","hentry","category-uncategorized","tag-arte","tag-buchers-enzyklopaedie-des-films","tag-greta-garbo","tag-greta-gustafson","tag-rouben-mamoulian","tag-schwul-lesbische-filmtage"],"_links":{"self":[{"href":"https:\/\/www.medienberatungev.org\/index.php?rest_route=\/wp\/v2\/posts\/9258","targetHints":{"allow":["GET"]}}],"collection":[{"href":"https:\/\/www.medienberatungev.org\/index.php?rest_route=\/wp\/v2\/posts"}],"about":[{"href":"https:\/\/www.medienberatungev.org\/index.php?rest_route=\/wp\/v2\/types\/post"}],"author":[{"embeddable":true,"href":"https:\/\/www.medienberatungev.org\/index.php?rest_route=\/wp\/v2\/users\/2"}],"replies":[{"embeddable":true,"href":"https:\/\/www.medienberatungev.org\/index.php?rest_route=%2Fwp%2Fv2%2Fcomments&post=9258"}],"version-history":[{"count":20,"href":"https:\/\/www.medienberatungev.org\/index.php?rest_route=\/wp\/v2\/posts\/9258\/revisions"}],"predecessor-version":[{"id":9452,"href":"https:\/\/www.medienberatungev.org\/index.php?rest_route=\/wp\/v2\/posts\/9258\/revisions\/9452"}],"wp:attachment":[{"href":"https:\/\/www.medienberatungev.org\/index.php?rest_route=%2Fwp%2Fv2%2Fmedia&parent=9258"}],"wp:term":[{"taxonomy":"category","embeddable":true,"href":"https:\/\/www.medienberatungev.org\/index.php?rest_route=%2Fwp%2Fv2%2Fcategories&post=9258"},{"taxonomy":"post_tag","embeddable":true,"href":"https:\/\/www.medienberatungev.org\/index.php?rest_route=%2Fwp%2Fv2%2Ftags&post=9258"}],"curies":[{"name":"wp","href":"https:\/\/api.w.org\/{rel}","templated":true}]}}