{"id":9458,"date":"2019-08-23T07:12:29","date_gmt":"2019-08-23T07:12:29","guid":{"rendered":"http:\/\/www.medienberatungev.org\/?p=9458"},"modified":"2022-07-04T10:19:59","modified_gmt":"2022-07-04T10:19:59","slug":"brief-an-die-ag-kino-gilde","status":"publish","type":"post","link":"https:\/\/www.medienberatungev.org\/?p=9458","title":{"rendered":"Brief an die AG KINO GILDE"},"content":{"rendered":"<p><strong><span style=\"font-family: Ubuntu;\"><span style=\"font-size: medium;\">Der Pr\u00e4sident hat einen Beruf!<\/span><\/span><\/strong><\/p>\n<p><span style=\"font-family: Ubuntu;\"><span style=\"font-size: medium;\">21.08.2019<\/span><\/span><span style=\"font-family: Ubuntu;\"><span style=\"font-size: medium;\">,<\/span><\/span><\/p>\n<p><span style=\"font-family: Ubuntu;\"><span style=\"font-size: medium;\">Hallo <\/span><\/span><span style=\"font-family: Ubuntu;\"><span style=\"font-size: medium;\">AG Kino<\/span><\/span> <span style=\"font-family: Ubuntu;\"><span style=\"font-size: medium;\">Berlin,<\/span><\/span><\/p>\n<p><span style=\"font-family: Ubuntu;\"><span style=\"font-size: medium;\">ihr bereitet uns immer viel Freude mit Euren Ank\u00fcndigungen, weiter so!<\/span><\/span><\/p>\n<p align=\"left\"><span style=\"font-family: Ubuntu;\"><span style=\"font-size: medium;\"><i>&#8222;<\/i><\/span><\/span><span style=\"font-family: Ubuntu;\"><span style=\"font-size: medium;\"><i>Das <\/i><\/span><\/span><strong><span style=\"font-family: Ubuntu;\"><span style=\"font-size: medium;\"><i>politische Panel <\/i><\/span><\/span><\/strong><span style=\"font-family: Ubuntu;\"><span style=\"font-size: medium;\"><i>er\u00f6ffnet in diesem Jahr der Schauspieler und Pr\u00e4sident der Deutschen Filmakademie <\/i><\/span><\/span><strong><span style=\"font-family: Ubuntu;\"><span style=\"font-size: medium;\"><i>Ulrich\u00a0Matthes<\/i><\/span><\/span><\/strong><span style=\"font-family: Ubuntu;\"><span style=\"font-size: medium;\"><i> mit einer Key-Note. Auf dem <\/i><\/span><\/span><strong><span style=\"font-family: Ubuntu;\"><span style=\"font-size: medium;\"><i>Panel<\/i><\/span><\/span><\/strong><span style=\"font-family: Ubuntu;\"><span style=\"font-size: medium;\"><i>\u00a0sitzen in diesem Jahr Simone Baumann (German Films), Christian Br\u00e4uer (AG Kino \u2013 Gilde), Jan-Ole P\u00fcschel (Abteilungsleiter bei der BKM), Mariette Rissenbeek (Direktorin der Berlinale) und Paul Steinschulte (Universal Germany). Sie werden dar\u00fcber sprechen, wie Kino, Verleih, Festivals, Promotion und F\u00f6rderung zusammengreifen m\u00fcssen, um den Erfolg des Kinofilms in Deutschland zu st\u00e4rken.<\/i><\/span><\/span><span style=\"font-family: Ubuntu;\"><span style=\"font-size: medium;\"><i>&#8222;<\/i><\/span><\/span><\/p>\n<p align=\"left\"><span style=\"font-family: Ubuntu;\"><span style=\"font-size: medium;\">Noch mehr Beispiele?<\/span><\/span><span style=\"font-family: Ubuntu;\"><span style=\"font-size: medium;\"><br \/>\n<\/span><\/span><span style=\"font-family: Ubuntu;\"><span style=\"font-size: medium;\"><i>&#8222;<\/i><\/span><\/span><strong><span style=\"font-family: Ubuntu;\"><span style=\"font-size: medium;\"><i>added content = added value<\/i><\/span><\/span><\/strong><strong><span style=\"font-family: Ubuntu;\"><span style=\"font-size: large;\"><i>. <\/i><\/span><\/span><\/strong><span style=\"font-family: Ubuntu;\"><span style=\"font-size: medium;\"><i>In Sachen alternativ content gibt es in Deutschland noch Potential. Gemeinsam mit der Event Cinema Association \u00a0(ECA) werden erstmals bei der Filmkunstmesse von verschiedenen Verleihern neue Formate vorgestellt. Jan Runge (Vorstand der ECA) wird aber auch Zahlen und Fakten rund um alternativ content in Europa pr\u00e4sentieren und Technikanbieter reden \u00fcber die Voraussetzungen f\u00fcr erfolgreiche Live-Screenings.<\/i><\/span><\/span><span style=\"font-family: Ubuntu;\"><span style=\"font-size: medium;\"><i>&#8222;<\/i><\/span><\/span><i> <\/i><em><span style=\"font-family: Ubuntu;\"><span style=\"font-size: medium;\"><i>Copyright \u00a9 AG Kino &#8211; Gilde e.V., All rights reserved.<\/i><\/span><\/span><\/em><em><span style=\"font-family: Ubuntu;\"><span style=\"font-size: medium;\"><i>&#8222;<\/i><\/span><\/span><\/em><b> <\/b><\/p>\n<p align=\"left\">Meiner Englisch Sprachexpertin habe ich den liebevollen Text der AG Kino weitergereicht:<\/p>\n<p align=\"left\">Sie schreibt: <strong><em><span style=\"font-family: Ubuntu;\"><span style=\"font-size: medium;\">keynote speech<\/span><\/span><\/em><em><span style=\"font-family: Ubuntu;\"><span style=\"font-size: medium;\"> = programmatische Er\u00f6ffnungsrede. <\/span><\/span><\/em><\/strong><em><span style=\"font-family: Ubuntu;\"><span style=\"font-size: medium;\">Die haben das falsch geschrieben und das zweite Wort vergessen, aber das passiert halt, wenn man versucht, sich mit einer Sprache wichtig zu machen, die man nur halb kann. <\/span><\/span><\/em><em><span style=\"font-family: Ubuntu;\"><span style=\"font-size: medium;\">Auch<\/span><\/span><\/em><em><span style=\"font-family: Ubuntu;\"><span style=\"font-size: medium;\"><b> alternativ content <\/b><\/span><\/span><\/em><em><span style=\"font-family: Ubuntu;\"><span style=\"font-size: medium;\">ist falsches Englisch<\/span><\/span><\/em><em><span style=\"font-family: Ubuntu;\"><span style=\"font-size: medium;\">. <\/span><\/span><\/em><em><span style=\"font-family: Ubuntu;\"><span style=\"font-size: medium;\">Ich habe gerade mal einen kurzen Blick auf deren Webseite geworfen; die ist im gleichen Ton gehalten.<\/span><\/span><\/em><em><span style=\"font-family: Ubuntu;\"><span style=\"font-size: medium;\"> &#8230; das passiert halt&#8230;. siehe oben.<\/span><\/span><\/em><em><span style=\"font-family: Ubuntu;\"><span style=\"font-size: medium;\"> S. (Die Sprachexpertin)<\/span><\/span><\/em><\/p>\n<p align=\"left\"><span style=\"font-family: Ubuntu;\"><span style=\"font-size: medium;\">Da denke ich so bei mir: wenn der Vorstand der AG Kino beim Z<\/span><\/span><span style=\"font-family: Ubuntu;\"><span style=\"font-size: medium;\">usammengreifen mit den Live-Screenings<\/span><\/span><span style=\"font-family: Ubuntu;\"><span style=\"font-size: medium;\"> und ihren alternativen Inhalten<\/span><\/span><span style=\"font-family: Ubuntu;\"><span style=\"font-size: medium;\"> unterwegs ist<\/span><\/span><span style=\"font-family: Ubuntu;\"><span style=\"font-size: medium;\">, na dann gut Nacht Marie!<\/span><\/span><span style=\"font-family: Ubuntu;\"><span style=\"font-size: medium;\"> Und der Pr\u00e4sident hat <\/span><\/span><span style=\"font-family: Ubuntu;\"><span style=\"font-size: medium;\">ausser einem Key-Note<\/span><\/span><span style=\"font-family: Ubuntu;\"><span style=\"font-size: medium;\">, <\/span><\/span> <span style=\"font-family: Ubuntu;\"><span style=\"font-size: medium;\">sogar noch einen Beruf, wer h\u00e4tte das gedacht!<\/span><\/span><\/p>\n<p align=\"left\"><span style=\"font-family: Ubuntu;\"><span style=\"font-size: medium;\"><a href=\"https:\/\/www.medienberatungev.org\/wp-content\/uploads\/2019\/08\/PDFDer-Pr\u00e4sident-hat-einen-Beruf.pdf\">PDFDer Pr\u00e4sident hat einen Beruf<\/a><\/span><\/span><\/p>\n","protected":false},"excerpt":{"rendered":"<p>Der Pr\u00e4sident hat einen Beruf! 21.08.2019, Hallo AG Kino Berlin, ihr bereitet uns immer viel Freude mit Euren Ank\u00fcndigungen, weiter so! &#8222;Das politische Panel er\u00f6ffnet in diesem Jahr der Schauspieler und Pr\u00e4sident der Deutschen Filmakademie Ulrich\u00a0Matthes mit einer Key-Note. Auf dem Panel\u00a0sitzen in diesem Jahr Simone Baumann (German Films), Christian Br\u00e4uer (AG Kino \u2013 Gilde), &hellip; <a href=\"https:\/\/www.medienberatungev.org\/?p=9458\" class=\"more-link\"><span class=\"screen-reader-text\">\u201eBrief an die AG KINO GILDE\u201c<\/span> weiterlesen<\/a><\/p>\n","protected":false},"author":2,"featured_media":0,"comment_status":"open","ping_status":"open","sticky":false,"template":"","format":"standard","meta":{"footnotes":""},"categories":[1],"tags":[4946,4948,4947,4950,4944,4945,4949,4951],"class_list":["post-9458","post","type-post","status-publish","format-standard","hentry","category-uncategorized","tag-alternativ-content","tag-das-passiert-halt-wenn-man-versucht-sich-mit-einer-sprache-wichtig-zu-machen-die-man-nur-halb-kann","tag-falsches-englisch","tag-gut-nacht-marie","tag-key-note","tag-keynote-speech","tag-live-screenings","tag-politische-panel"],"_links":{"self":[{"href":"https:\/\/www.medienberatungev.org\/index.php?rest_route=\/wp\/v2\/posts\/9458","targetHints":{"allow":["GET"]}}],"collection":[{"href":"https:\/\/www.medienberatungev.org\/index.php?rest_route=\/wp\/v2\/posts"}],"about":[{"href":"https:\/\/www.medienberatungev.org\/index.php?rest_route=\/wp\/v2\/types\/post"}],"author":[{"embeddable":true,"href":"https:\/\/www.medienberatungev.org\/index.php?rest_route=\/wp\/v2\/users\/2"}],"replies":[{"embeddable":true,"href":"https:\/\/www.medienberatungev.org\/index.php?rest_route=%2Fwp%2Fv2%2Fcomments&post=9458"}],"version-history":[{"count":4,"href":"https:\/\/www.medienberatungev.org\/index.php?rest_route=\/wp\/v2\/posts\/9458\/revisions"}],"predecessor-version":[{"id":18118,"href":"https:\/\/www.medienberatungev.org\/index.php?rest_route=\/wp\/v2\/posts\/9458\/revisions\/18118"}],"wp:attachment":[{"href":"https:\/\/www.medienberatungev.org\/index.php?rest_route=%2Fwp%2Fv2%2Fmedia&parent=9458"}],"wp:term":[{"taxonomy":"category","embeddable":true,"href":"https:\/\/www.medienberatungev.org\/index.php?rest_route=%2Fwp%2Fv2%2Fcategories&post=9458"},{"taxonomy":"post_tag","embeddable":true,"href":"https:\/\/www.medienberatungev.org\/index.php?rest_route=%2Fwp%2Fv2%2Ftags&post=9458"}],"curies":[{"name":"wp","href":"https:\/\/api.w.org\/{rel}","templated":true}]}}