{"id":9827,"date":"2019-09-28T16:22:57","date_gmt":"2019-09-28T16:22:57","guid":{"rendered":"http:\/\/www.medienberatungev.org\/?p=9827"},"modified":"2019-12-09T17:52:42","modified_gmt":"2019-12-09T17:52:42","slug":"pioniere-in-celluloid","status":"publish","type":"post","link":"https:\/\/www.medienberatungev.org\/?p=9827","title":{"rendered":"Pioniere in Celluloid"},"content":{"rendered":"<p><span style=\"font-family: Ubuntu;\"><span style=\"font-size: large;\"><a href=\"http:\/\/www.medienberatungev.org\/?attachment_id=8642\" rel=\"attachment wp-att-8642\"><img loading=\"lazy\" decoding=\"async\" class=\"wp-image-8642 alignnone\" src=\"http:\/\/www.medienberatungev.org\/wp-content\/uploads\/2019\/03\/milpferd_einauge-1024x686.jpg\" alt=\"\" width=\"160\" height=\"107\" srcset=\"https:\/\/www.medienberatungev.org\/wp-content\/uploads\/2019\/03\/milpferd_einauge-1024x686.jpg 1024w, https:\/\/www.medienberatungev.org\/wp-content\/uploads\/2019\/03\/milpferd_einauge-300x201.jpg 300w, https:\/\/www.medienberatungev.org\/wp-content\/uploads\/2019\/03\/milpferd_einauge-768x515.jpg 768w, https:\/\/www.medienberatungev.org\/wp-content\/uploads\/2019\/03\/milpferd_einauge.jpg 1070w\" sizes=\"auto, (max-width: 160px) 85vw, 160px\" \/><\/a><a href=\"http:\/\/www.medienberatungev.org\/?attachment_id=9828\" rel=\"attachment wp-att-9828\"><img loading=\"lazy\" decoding=\"async\" class=\"wp-image-9828 alignleft\" src=\"http:\/\/www.medienberatungev.org\/wp-content\/uploads\/2019\/09\/PioniereinCelluloid-728x1024.jpg\" alt=\"\" width=\"247\" height=\"347\" \/><\/a><\/span><\/span><\/p>\n<p><span style=\"font-family: Ubuntu;\"><span style=\"font-size: large;\"><strong>Pioniere in Celluloid &#8211; Juden in der fr\u00fchen Filmwelt <\/strong><\/span><\/span><\/p>\n<p><span style=\"font-family: Ubuntu;\"><span style=\"font-size: large;\">Es gilt an ein Buch zu erinnern, dass schon f\u00fcnfzehn Jahre alt, aber immer noch un\u00fcbertroffen ist. (2004)<\/span><\/span><!--more--><\/p>\n<p><span style=\"font-family: Ubuntu;\"><span style=\"font-size: large;\">Vor Jahren, als die B\u00fccher noch Zeit hatten, auf die Leser zu warten, brauchte man solche Erinnerungen an B\u00fccher nicht. Das Buch ist im Zusammenhang mit einer Ausstellung entstanden, die in Berlin stattfand. Zwei Autoren sind die Herausgeberinnen: Irene Stratenwerth und Hermann Simon. Es ist im Henschel Verlag Berlin 2004 erschienen und hat 336 Seiten. Titel: &gt;Pioniere in Celluloid &#8211; Juden in der fr\u00fchen Filmwelt&lt;. Das Buch enth\u00e4lt nicht nur Beitr\u00e4ge \u00fcber die Filmproduzenten, sondern auch \u00fcber die Kinobesitzer, die in Berlin t\u00e4tig waren. Meist taucht das Wort Celluloid oder Zelluloid in Artikeln \u00fcber das Kino auf und wird dort falsch verwendet. Hier nicht. Hier ist fast alles richtig. Denn das Tr\u00e4germaterial dieser Films war tats\u00e4chlich Nitrocellulose, also Celluloid und nicht etwa Acetat oder Polyester, das sp\u00e4ter\u00a0 als Tr\u00e4germaterial verwendet wurde.<\/span><\/span><\/p>\n<p align=\"justify\"><span style=\"font-family: Ubuntu;\"><span style=\"font-size: large;\">Im ersten Kapitel des Buches &gt;<b>Eine Zukunft wird entdeckt<\/b>&lt; macht sich die Autorin <b>Irene Stratenwerth<\/b> dar\u00fcber Gedanken, warum so viele j\u00fcdische Kaufleute und K\u00fcnstler das neue Gewerbe f\u00fcr sich entdeckten:<\/span><\/span><\/p>\n<p align=\"justify\"><span style=\"font-family: Ubuntu;\"><span style=\"font-size: large;\"><i>&#8222;. . . Auch in New York und Chicago, den Einwanderungsmetropolen der Neuen Welt, erlebt das Kino um 1907 seine erste Bl\u00fctezeit. M\u00e4nner wie Alfred <\/i><i>Z<\/i><i>ukor, Carl L<\/i><i>ae<\/i><i>mmle, Benjamin <\/i><i>Warner, William Fox oder Louis B. Mayer beginnen in diesen Jahren, in den Ankauf von Theatern und Apparaturen zu investieren &#8211; sie alle sind aus Osteuropa oder Deutschland stammende Juden. Der israelisch-amerikanische Filmhistoriker Ilan Avisar beschreibt die j\u00fcdische Erfolgsgeschichte in der Fimbranche so: <\/i><\/span><\/span><\/p>\n<p align=\"justify\"><span style=\"font-family: Ubuntu;\"><span style=\"font-size: large;\"><i>&gt;Die eingewanderten Juden trieb der Ehrgeiz, auf einem Gebiet Erfolg zu haben, wo sie nicht wie in anderen Branchen stets ausgegrenzt waren. Auch fanden sie leichter ins Filmgesch\u00e4ft, da ethische Bedenken viele protestantische oder katholische Amerikaner von dieser neuen Form der Unterhaltungskultur abhielten. J\u00fcdische Gro\u00dfst\u00e4dter mit Unternehmungsgeist, aber ohne akademische Bildung, sahen dagegen im Kino ein popul\u00e4res Medium, das die Sehns\u00fcchte heimischer und eingewanderter Arbeiter stillte, weil es die richtige Mischung von aufregender Story, zugkr\u00e4ftigen Stars und eing\u00e4ngiger Moral bot. Ihre Erfahrung als Einzelh\u00e4ndler oder Gesch\u00e4ftsleute half ihnen, den Geschmack <\/i><i>ihres<\/i><i> Publikums zu treffe<\/i><i>n<\/i>.&lt; <\/span><\/span><\/p>\n<p align=\"justify\"><span style=\"font-family: Ubuntu;\"><span style=\"font-size: large;\">Zitiert nach: <b>Pioniere in Celluloid<\/b>, Seite 13, Ilan Avisar &gt;Die Mischpoche von Hollywood&lt;, in &gt;J\u00fcdische Lebenswelten. Essays&lt; Frankfurt 1991, Seite 203 f. Hrg: Andreas Nachama, Julius H. Schoeps, Edward van Vooen. <\/span><\/span><\/p>\n<p>pdf des Buchumschlages: <span style=\"font-family: Ubuntu;\"><span style=\"font-size: large;\"><a href=\"http:\/\/www.medienberatungev.org\/?attachment_id=9832\" rel=\"attachment wp-att-9832\">Pioniere-in-Celluloid<\/a><\/span><\/span><\/p>\n","protected":false},"excerpt":{"rendered":"<p>Pioniere in Celluloid &#8211; Juden in der fr\u00fchen Filmwelt Es gilt an ein Buch zu erinnern, dass schon f\u00fcnfzehn Jahre alt, aber immer noch un\u00fcbertroffen ist. (2004)<\/p>\n","protected":false},"author":2,"featured_media":0,"comment_status":"open","ping_status":"open","sticky":false,"template":"","format":"standard","meta":{"footnotes":""},"categories":[5015,5017,5016,5014,5013,5019,5020,5018,1],"tags":[],"class_list":["post-9827","post","type-post","status-publish","format-standard","hentry","category-5015","category-alfred-rosenthal","category-chana-schuetz","category-hermann-simon","category-irene-stratenwerth","category-john-gottowt","category-joseph-delmont","category-siegbert-goldschmidt","category-uncategorized"],"_links":{"self":[{"href":"https:\/\/www.medienberatungev.org\/index.php?rest_route=\/wp\/v2\/posts\/9827","targetHints":{"allow":["GET"]}}],"collection":[{"href":"https:\/\/www.medienberatungev.org\/index.php?rest_route=\/wp\/v2\/posts"}],"about":[{"href":"https:\/\/www.medienberatungev.org\/index.php?rest_route=\/wp\/v2\/types\/post"}],"author":[{"embeddable":true,"href":"https:\/\/www.medienberatungev.org\/index.php?rest_route=\/wp\/v2\/users\/2"}],"replies":[{"embeddable":true,"href":"https:\/\/www.medienberatungev.org\/index.php?rest_route=%2Fwp%2Fv2%2Fcomments&post=9827"}],"version-history":[{"count":11,"href":"https:\/\/www.medienberatungev.org\/index.php?rest_route=\/wp\/v2\/posts\/9827\/revisions"}],"predecessor-version":[{"id":10395,"href":"https:\/\/www.medienberatungev.org\/index.php?rest_route=\/wp\/v2\/posts\/9827\/revisions\/10395"}],"wp:attachment":[{"href":"https:\/\/www.medienberatungev.org\/index.php?rest_route=%2Fwp%2Fv2%2Fmedia&parent=9827"}],"wp:term":[{"taxonomy":"category","embeddable":true,"href":"https:\/\/www.medienberatungev.org\/index.php?rest_route=%2Fwp%2Fv2%2Fcategories&post=9827"},{"taxonomy":"post_tag","embeddable":true,"href":"https:\/\/www.medienberatungev.org\/index.php?rest_route=%2Fwp%2Fv2%2Ftags&post=9827"}],"curies":[{"name":"wp","href":"https:\/\/api.w.org\/{rel}","templated":true}]}}