{"id":4628,"count":1,"description":"","link":"https:\/\/www.medienberatungev.org\/?tag=deutsche-kriegsgraeberfuersorge-versoehnung-ueber-den-graebern","name":"Deutsche Kriegsgr\u00e4berf\u00fcrsorge. Vers\u00f6hnung \u00fcber den Gr\u00e4bern","slug":"deutsche-kriegsgraeberfuersorge-versoehnung-ueber-den-graebern","taxonomy":"post_tag","meta":[],"_links":{"self":[{"href":"https:\/\/www.medienberatungev.org\/index.php?rest_route=\/wp\/v2\/tags\/4628","targetHints":{"allow":["GET"]}}],"collection":[{"href":"https:\/\/www.medienberatungev.org\/index.php?rest_route=\/wp\/v2\/tags"}],"about":[{"href":"https:\/\/www.medienberatungev.org\/index.php?rest_route=\/wp\/v2\/taxonomies\/post_tag"}],"wp:post_type":[{"href":"https:\/\/www.medienberatungev.org\/index.php?rest_route=%2Fwp%2Fv2%2Fposts&tags=4628"}],"curies":[{"name":"wp","href":"https:\/\/api.w.org\/{rel}","templated":true}]}}